{"id":52888,"date":"2022-04-11T14:41:40","date_gmt":"2022-04-11T12:41:40","guid":{"rendered":"https:\/\/www.suenosdeatenea.com\/?p=52888"},"modified":"2022-04-11T15:25:23","modified_gmt":"2022-04-11T13:25:23","slug":"dia-de-la-madre","status":"publish","type":"post","link":"https:\/\/www.suenosdeatenea.com\/ca\/dia-de-la-madre\/","title":{"rendered":"DIA DE LA MADRE"},"content":{"rendered":"<p><\/p>\n<p style=\"text-align: center;\"><a href=\"https:\/\/www.suenosdeatenea.com\/wp-content\/uploads\/2022\/04\/MUESTRA-DIA-MADRE-EXTERIOR.jpg\"><img fetchpriority=\"high\" decoding=\"async\" class=\"aligncenter size-full wp-image-52889\" src=\"https:\/\/www.suenosdeatenea.com\/wp-content\/uploads\/2022\/04\/MUESTRA-DIA-MADRE-EXTERIOR.jpg\" alt=\"\" width=\"319\" height=\"369\" \/><\/a><\/p>\n<p style=\"text-align: center;\">Se acerca el d\u00eda de la madre y con ello he pensado un decorado diferente, al aire libre, con un aire bohemio, y donde sacar muchas fotograf\u00edas tiernas, jugando con luz natural, y donde querremos pasar un buen rato y capturar ese amor incondicional hac\u00eda las mam\u00e1s.<\/p>\n<p style=\"text-align: center;\">En \u00e9stas sesiones no solamente est\u00e1 enfocado para mamis con sus beb\u00e9s, sino que las que ya somos mamis, tambi\u00e9n tenemos a esas mamis, y muchas de ellas super abuelas, que se merece eso y mucho m\u00e1s, de bien seguro que ellas estar\u00e1n encantadas que les regal\u00e9is una sesi\u00f3n juntas, y tener ese precioso y emotivo recuerdo juntas, no os parece?<\/p>\n<p style=\"text-align: center;\">Si te interesa, importante reservar la cita cu\u00e1nto antes&#8230;.<\/p>\n<p style=\"text-align: center;\"><span style=\"text-decoration: underline;\"><strong>CUANDO SE HACE?<\/strong><\/span><\/p>\n<p style=\"text-align: center;\">\u00c9stas sesiones se realizar\u00e1n el domingo 24 de Abril<\/p>\n<p style=\"text-align: center;\"><span style=\"text-decoration: underline;\"><strong>HORARIO<\/strong><\/span><\/p>\n<p style=\"text-align: center;\">Estaremos de 09.00h a 13h<\/p>\n<p style=\"text-align: center;\">y de 15h a 19.30h<\/p>\n<p style=\"text-align: center;\"><span style=\"text-decoration: underline;\"><strong>CU\u00c1NTO DURA LA SESI\u00d3N<\/strong><\/span><\/p>\n<p style=\"text-align: center;\">Las sesiones ser\u00e1n de 30 min, d\u00f3nde podr\u00e1n participar toda la familia, mam\u00e1s con sus hijos, con las abuelas, los maridos ,y las mascotas&#8230;&#8230;<\/p>\n<p style=\"text-align: center;\"><span style=\"text-decoration: underline;\"><strong>QUE ENTRA EN \u00c9STA SESI\u00d3N<\/strong><\/span><\/p>\n<p style=\"text-align: center;\">Como he comentado estaremos 30 min haciendo el reportaje, despu\u00e9s tendr\u00e9is todas las im\u00e1genes en la galer\u00eda privada en nuestra p\u00e1gina web, y desde all\u00ed, podr\u00e9is elegir las 10 fotograf\u00edas que entran en \u00e9ste PACK OFERTA, que se os entregaran digitalmente. Despu\u00e9s tendr\u00e9is opci\u00f3n de comprar fotos extras o incluso galer\u00eda completa, y el revelado de las mismas fotograf\u00edas.<\/p>\n<p>&nbsp;<\/p>\n<p style=\"text-align: center;\"><strong>Para hacer la reserva pod\u00e9is escribirme a mi whatsapp al 620945702<\/strong><\/p>\n<p>&nbsp;<\/p>\n<p style=\"text-align: center;\"><a href=\"https:\/\/www.suenosdeatenea.com\/wp-content\/uploads\/2022\/04\/MUESTRA-DIA-MADRE-EXTERIOR-copia.jpg\"><img decoding=\"async\" class=\"aligncenter size-full wp-image-52890\" src=\"https:\/\/www.suenosdeatenea.com\/wp-content\/uploads\/2022\/04\/MUESTRA-DIA-MADRE-EXTERIOR-copia.jpg\" alt=\"\" width=\"850\" height=\"369\" \/><\/a><\/p>\n<p>&nbsp;<\/p>\n<p>&nbsp;<\/p>","protected":false},"excerpt":{"rendered":"<p>Se acerca el d\u00eda de la madre y con ello he pensado un decorado diferente, al aire libre, con un aire bohemio, y donde sacar muchas fotograf\u00edas tiernas, jugando con luz natural, y donde querremos pasar un buen rato y capturar ese amor incondicional hac\u00eda las mam\u00e1s. En \u00e9stas sesiones no solamente est\u00e1 enfocado para<br \/><a class=\"moretag\" href=\"https:\/\/www.suenosdeatenea.com\/ca\/dia-de-la-madre\/\">+ Read More<\/a><\/p>\n","protected":false},"author":2,"featured_media":52889,"comment_status":"closed","ping_status":"closed","sticky":false,"template":"","format":"standard","meta":{"_acf_changed":false,"footnotes":""},"categories":[1],"tags":[],"class_list":["post-52888","post","type-post","status-publish","format-standard","has-post-thumbnail","hentry","category-blog"],"acf":[],"_links":{"self":[{"href":"https:\/\/www.suenosdeatenea.com\/ca\/wp-json\/wp\/v2\/posts\/52888","targetHints":{"allow":["GET"]}}],"collection":[{"href":"https:\/\/www.suenosdeatenea.com\/ca\/wp-json\/wp\/v2\/posts"}],"about":[{"href":"https:\/\/www.suenosdeatenea.com\/ca\/wp-json\/wp\/v2\/types\/post"}],"author":[{"embeddable":true,"href":"https:\/\/www.suenosdeatenea.com\/ca\/wp-json\/wp\/v2\/users\/2"}],"replies":[{"embeddable":true,"href":"https:\/\/www.suenosdeatenea.com\/ca\/wp-json\/wp\/v2\/comments?post=52888"}],"version-history":[{"count":0,"href":"https:\/\/www.suenosdeatenea.com\/ca\/wp-json\/wp\/v2\/posts\/52888\/revisions"}],"wp:featuredmedia":[{"embeddable":true,"href":"https:\/\/www.suenosdeatenea.com\/ca\/wp-json\/wp\/v2\/media\/52889"}],"wp:attachment":[{"href":"https:\/\/www.suenosdeatenea.com\/ca\/wp-json\/wp\/v2\/media?parent=52888"}],"wp:term":[{"taxonomy":"category","embeddable":true,"href":"https:\/\/www.suenosdeatenea.com\/ca\/wp-json\/wp\/v2\/categories?post=52888"},{"taxonomy":"post_tag","embeddable":true,"href":"https:\/\/www.suenosdeatenea.com\/ca\/wp-json\/wp\/v2\/tags?post=52888"}],"curies":[{"name":"wp","href":"https:\/\/api.w.org\/{rel}","templated":true}]}}